{"id":903,"date":"2025-03-27T09:13:12","date_gmt":"2025-03-27T08:13:12","guid":{"rendered":"https:\/\/terredepepites.fr\/actualites\/?p=903"},"modified":"2025-03-27T09:25:22","modified_gmt":"2025-03-27T08:25:22","slug":"le-paris-cafe-festival-2025","status":"publish","type":"post","link":"https:\/\/terredepepites.fr\/actualites\/2025\/03\/27\/le-paris-cafe-festival-2025\/","title":{"rendered":"LE PARIS CAFE FESTIVAL 2025"},"content":{"rendered":"<h1>Retrouvez-nous au Paris Caf\u00e9 Festival, l\u2019\u00e9v\u00e8nement enti\u00e8rement d\u00e9di\u00e9 \u00e0 l\u2019univers du caf\u00e9.<\/h1>\n<p><img decoding=\"async\" src=\"https:\/\/terredepepites.fr\/actualites\/wp-content\/uploads\/2025\/03\/terre-de-pepites-participe-au-paris-cafe-festival-2025-du-12-au-14-avril.jpg\" alt=\"participation au paris caf\u00e9 festival 2025\"\/><\/p>\n<p>Cette ann\u00e9e, il se tient au Carreau du Temple dans le Marais <strong>du 12 au 14 Avril 2025<\/strong>.<br \/>\nLe Paris Caf\u00e9 Festival promeut la fili\u00e8re caf\u00e9 en France et met en lumi\u00e8re le caf\u00e9 de sp\u00e9cialit\u00e9. Ce rendez-vous permet aux professionnels ainsi qu\u2019aux particuliers de partager leurs connaissances sur le th\u00e8me du caf\u00e9.<\/p>\n<p>C\u2019est l\u2019occasion notamment :<br \/>\n\u2615 De rencontrer des experts et sp\u00e9cialistes de la fili\u00e8re caf\u00e9<br \/>\n\u2615 De d\u00e9couvrir des \u00e9quipements et les derni\u00e8res innovations du secteur<br \/>\n\u2615 De d\u00e9guster les meilleurs caf\u00e9s de sp\u00e9cialit\u00e9<br \/>\n\u2615 De rencontrer des baristas et des torr\u00e9facteurs reconnus<\/p>\n<p>En <strong>2024<\/strong>, c\u2019est plus de <strong>9000 visiteurs<\/strong> qui ont r\u00e9pondu \u00e0 l\u2019appel.<br \/>\nPlus d\u2019une centaine d\u2019exposants seront encore pr\u00e9sents en 2025 : <strong>fournisseurs (vaisselle, machines \u00e0 caf\u00e9, \u00e9picerie fine), producteurs, baristas, torr\u00e9facteurs\u2026<\/strong> <\/p>\n<p>Terre de P\u00e9pites sera exposante en tant que fournisseur de sirop d\u2019\u00e9rable bio pour le petit d\u00e9jeuner. Depuis plus d\u2019une dizaine d\u2019ann\u00e9es, nous importons un excellent sirop d\u2019\u00e9rable du Canada et fournissons les h\u00f4tels, les restaurants, les coffee shops et les \u00e9piceries fines. Nous proposons diff\u00e9rents formats au d\u00e9tail et en vrac pour r\u00e9pondre \u00e0 chaque besoin. <\/p>\n<p>L\u2019utilisation du sirop d\u2019\u00e9rable sur les tables fran\u00e7aises se g\u00e9n\u00e9ralise car il est une bonne alternative v\u00e9gane aux sucres traditionnels. N\u2019h\u00e9sitez pas \u00e0 venir d\u00e9guster notre d\u00e9licieux sirop d\u2019\u00e9rable sur notre stand. Nous aurons \u00e9galement le plaisir de vous faire d\u00e9couvrir nos c\u00e9r\u00e9ales toast\u00e9es au sirop d\u2019\u00e9rable de La Main dans le Bol <a href=\"https:\/\/www.lamaindanslebol.fr\">www.lamaindanslebol.fr<\/a>).<br \/>\nVoici les infos pratiques, \u00e0 retrouver \u00e9galement sur le site https:\/\/www.pariscafefestival.com\/ :<\/p>\n<p><img decoding=\"async\" src=\"https:\/\/terredepepites.fr\/actualites\/wp-content\/uploads\/2025\/03\/terre-de-pepites-participe-au-paris-cafe-festival-2025-du-12-au-14-avril-1.jpg\" alt=\"participation au paris caf\u00e9 festival 2025\"\/><\/p>\n<h2>LIEU ET DATE DE L&rsquo;\u00c9V\u00c8NEMENT<\/h2>\n<h3>Le Paris Caf\u00e9 Festival aura lieu du 12 au 14 avril 2025 au Carreau du Temple, \u00e0 Paris.<br \/>\nAdresse : 4 Rue Eug\u00e8ne Spuller, 75003 Paris<\/h3>\n<h2>HORAIRES<\/h2>\n<h3>Samedi 12 avril 09h00-18h00<br \/>\nDimanche 13 avril 09h00-18h00<br \/>\nLundi 14 avril 09h00-17h00 <\/h3>\n<h2>JOURN\u00c9ES GRAND PUBLIC<\/h2>\n<p>Les Journ\u00e9es grand public samedi &#038; dimanche sont ouvertes \u00e0 tous avec des animations accessibles \u00e0 tous les amateurs de caf\u00e9.<\/p>\n<p><img decoding=\"async\" src=\"https:\/\/terredepepites.fr\/actualites\/wp-content\/uploads\/2025\/03\/terre-de-pepites-participe-au-paris-cafe-festival-2025-du-12-au-14-avril-2.jpg\" alt=\"participation au paris caf\u00e9 festival 2025\"\/><\/p>\n<h2>JOURN\u00c9E PROFESSIONNELLE<\/h2>\n<p>La journ\u00e9e professionnelle est le lundi 14 avril 2025, et r\u00e9serv\u00e9e aux professionnels avec des animations adapt\u00e9es \u00e0 leurs besoins sp\u00e9cifiques.<\/p>\n<h2>A vos marques, pr\u00eat, d\u00e9gustez de l\u2019\u00e9rable!!<\/h2>\n<p>Retrouvez notre gamme des produits de l\u2019\u00e9rable bio sur notre <a href=\"https:\/\/terredepepites.fr\/boutique\/\" rel=\"noopener\" target=\"_blank\">boutique en ligne<\/a> Terre de p\u00e9pites !<\/p>\n<p>Retrouvez notre gamme de granolas bio sur notre <a href=\"https:\/\/lamaindanslebol.fr\/boutique\/\" rel=\"noopener\" target=\"_blank\">boutique en ligne<\/a> La Main dans le Bol !<\/p>\n<section id=\"meilleurs-ventes\">\n<h2>Nos meilleures ventes de <a href=\"https:\/\/terredepepites.fr\/\" rel=\"noopener\" target=\"_blank\">Produits d&rsquo;\u00e9rables<\/a><\/h2>\n<section>\n<section class=\"container-blog\">\n<section id=\"box\">\n<a href=\"https:\/\/terredepepites.fr\/produit\/sirop-derable-bio-original\/\" target=\"_blank\" rel=\"noopener\"><\/p>\n<section id=\"pdt\">\n<img decoding=\"async\" src=\"https:\/\/terredepepites.fr\/wp-content\/uploads\/2020\/02\/sirop-erable-original-bio-origine-naturelle-vegetal-page-produit-terre-de-pepites.jpg\" alt=\"D\u00e9couvrez notre gamme de sirop d'\u00e9rable original bio d'origine naturelle\"><\/p>\n<h2>Sirop d\u2019\u00e9rable bio \u00ab Original \u00bb<\/h2>\n<\/section>\n<\/section>\n<section id=\"box\">\n<a href=\"https:\/\/terredepepites.fr\/produit\/sucre-derable-bio-en-poudre-125g\/\" target=\"_blank\" rel=\"noopener\"><\/p>\n<section id=\"pdt\">\n<img decoding=\"async\" src=\"https:\/\/terredepepites.fr\/wp-content\/uploads\/2020\/02\/sucre-derable-bio-en-poudre-sucre-origine-naturelle-vegetal-non-raffine-page-produit.jpg\" alt=\"D\u00e9couvrez notre gamme de sucre d'\u00e9rable bio d'origine naturelle\"><\/p>\n<h2>Sucre d\u2019\u00e9rable bio en poudre<\/h2>\n<\/section>\n<\/section>\n<section id=\"box\">\n<a href=\"https:\/\/terredepepites.fr\/produit\/fondant-derable-bio-150g\/\" target=\"_blank\" rel=\"noopener\"><\/p>\n<section id=\"pdt\">\n<img decoding=\"async\" src=\"https:\/\/terredepepites.fr\/wp-content\/uploads\/2020\/02\/fondant-derable-bio-pepites-sucre-origine-naturelle-vegetal-non-raffine-page-produit.jpg\" alt=\"D\u00e9couvrez notre gamme de fondant d'\u00e9rable bio d'origine naturelle\"><\/p>\n<h2>Fondant d\u2019\u00e9rable bio<\/h2>\n<\/section>\n<\/section>\n<\/section>\n","protected":false},"excerpt":{"rendered":"<p>Retrouvez-nous au Paris Caf\u00e9 Festival, l\u2019\u00e9v\u00e8nement enti\u00e8rement d\u00e9di\u00e9 \u00e0 l\u2019univers du caf\u00e9. Cette ann\u00e9e, il se tient au Carreau du Temple dans le Marais du 12 au 14 Avril 2025. Le Paris Caf\u00e9 Festival promeut la fili\u00e8re caf\u00e9 en France et met en lumi\u00e8re le caf\u00e9 de sp\u00e9cialit\u00e9. Ce rendez-vous permet aux professionnels ainsi qu\u2019aux &hellip; <a href=\"https:\/\/terredepepites.fr\/actualites\/2025\/03\/27\/le-paris-cafe-festival-2025\/\" class=\"more-link\">Continuer la lecture de <span class=\"screen-reader-text\">LE PARIS CAFE FESTIVAL 2025<\/span><\/a><\/p>\n","protected":false},"author":2,"featured_media":0,"comment_status":"open","ping_status":"open","sticky":false,"template":"","format":"standard","meta":{"csbAdvScrollBarCursor":"","footnotes":""},"categories":[4],"tags":[10],"class_list":["post-903","post","type-post","status-publish","format-standard","hentry","category-evenements","tag-evenements"],"yoast_head":"<!-- This site is optimized with the Yoast SEO plugin v26.2 - https:\/\/yoast.com\/wordpress\/plugins\/seo\/ -->\n<title>LE PARIS CAFE FESTIVAL 2025, du 12 au 14 avril 2025<\/title>\n<meta name=\"description\" content=\"LE PARIS CAFE FESTIVAL 2025, cette ann\u00e9e, il se tient au Carreau du Temple dans le Marais du 12 au 14 Avril 2025.\" \/>\n<meta name=\"robots\" content=\"index, follow, max-snippet:-1, max-image-preview:large, max-video-preview:-1\" \/>\n<link rel=\"canonical\" href=\"https:\/\/terredepepites.fr\/actualites\/2025\/03\/27\/le-paris-cafe-festival-2025\/\" \/>\n<meta property=\"og:locale\" content=\"fr_FR\" \/>\n<meta property=\"og:type\" content=\"article\" \/>\n<meta property=\"og:title\" content=\"LE PARIS CAFE FESTIVAL 2025, du 12 au 14 avril 2025\" \/>\n<meta property=\"og:description\" content=\"LE PARIS CAFE FESTIVAL 2025, cette ann\u00e9e, il se tient au Carreau du Temple dans le Marais du 12 au 14 Avril 2025.\" \/>\n<meta property=\"og:url\" content=\"https:\/\/terredepepites.fr\/actualites\/2025\/03\/27\/le-paris-cafe-festival-2025\/\" \/>\n<meta property=\"og:site_name\" content=\"Blog terre de p\u00e9pites - Actualit\u00e9s sur l&#039;\u00e9rable, les produits et nouveaut\u00e9s de l&#039;\u00e9rable\" \/>\n<meta property=\"article:publisher\" content=\"https:\/\/www.facebook.com\/TerreDePepites\/\" \/>\n<meta property=\"article:published_time\" content=\"2025-03-27T08:13:12+00:00\" \/>\n<meta property=\"article:modified_time\" content=\"2025-03-27T08:25:22+00:00\" \/>\n<meta property=\"og:image\" content=\"https:\/\/terredepepites.fr\/actualites\/wp-content\/uploads\/2025\/03\/terre-de-pepites-participe-au-paris-cafe-festival-2025-du-12-au-14-avril.jpg\" \/>\n<meta name=\"author\" content=\"Margaux-terre-p-blog\" \/>\n<meta name=\"twitter:card\" content=\"summary_large_image\" \/>\n<meta name=\"twitter:label1\" content=\"\u00c9crit par\" \/>\n\t<meta name=\"twitter:data1\" content=\"Margaux-terre-p-blog\" \/>\n\t<meta name=\"twitter:label2\" content=\"Dur\u00e9e de lecture estim\u00e9e\" \/>\n\t<meta name=\"twitter:data2\" content=\"4 minutes\" \/>\n<script type=\"application\/ld+json\" class=\"yoast-schema-graph\">{\"@context\":\"https:\/\/schema.org\",\"@graph\":[{\"@type\":\"Article\",\"@id\":\"https:\/\/terredepepites.fr\/actualites\/2025\/03\/27\/le-paris-cafe-festival-2025\/#article\",\"isPartOf\":{\"@id\":\"https:\/\/terredepepites.fr\/actualites\/2025\/03\/27\/le-paris-cafe-festival-2025\/\"},\"author\":{\"name\":\"Margaux-terre-p-blog\",\"@id\":\"https:\/\/terredepepites.fr\/actualites\/#\/schema\/person\/129f6097f8365e052256f3f00c0871ae\"},\"headline\":\"LE PARIS CAFE FESTIVAL 2025\",\"datePublished\":\"2025-03-27T08:13:12+00:00\",\"dateModified\":\"2025-03-27T08:25:22+00:00\",\"mainEntityOfPage\":{\"@id\":\"https:\/\/terredepepites.fr\/actualites\/2025\/03\/27\/le-paris-cafe-festival-2025\/\"},\"wordCount\":466,\"commentCount\":0,\"publisher\":{\"@id\":\"https:\/\/terredepepites.fr\/actualites\/#organization\"},\"image\":{\"@id\":\"https:\/\/terredepepites.fr\/actualites\/2025\/03\/27\/le-paris-cafe-festival-2025\/#primaryimage\"},\"thumbnailUrl\":\"https:\/\/terredepepites.fr\/actualites\/wp-content\/uploads\/2025\/03\/terre-de-pepites-participe-au-paris-cafe-festival-2025-du-12-au-14-avril.jpg\",\"keywords\":[\"\u00c9v\u00e8nements\"],\"articleSection\":[\"\u00c9v\u00e8nements\"],\"inLanguage\":\"fr-FR\",\"potentialAction\":[{\"@type\":\"CommentAction\",\"name\":\"Comment\",\"target\":[\"https:\/\/terredepepites.fr\/actualites\/2025\/03\/27\/le-paris-cafe-festival-2025\/#respond\"]}]},{\"@type\":\"WebPage\",\"@id\":\"https:\/\/terredepepites.fr\/actualites\/2025\/03\/27\/le-paris-cafe-festival-2025\/\",\"url\":\"https:\/\/terredepepites.fr\/actualites\/2025\/03\/27\/le-paris-cafe-festival-2025\/\",\"name\":\"LE PARIS CAFE FESTIVAL 2025, du 12 au 14 avril 2025\",\"isPartOf\":{\"@id\":\"https:\/\/terredepepites.fr\/actualites\/#website\"},\"primaryImageOfPage\":{\"@id\":\"https:\/\/terredepepites.fr\/actualites\/2025\/03\/27\/le-paris-cafe-festival-2025\/#primaryimage\"},\"image\":{\"@id\":\"https:\/\/terredepepites.fr\/actualites\/2025\/03\/27\/le-paris-cafe-festival-2025\/#primaryimage\"},\"thumbnailUrl\":\"https:\/\/terredepepites.fr\/actualites\/wp-content\/uploads\/2025\/03\/terre-de-pepites-participe-au-paris-cafe-festival-2025-du-12-au-14-avril.jpg\",\"datePublished\":\"2025-03-27T08:13:12+00:00\",\"dateModified\":\"2025-03-27T08:25:22+00:00\",\"description\":\"LE PARIS CAFE FESTIVAL 2025, cette ann\u00e9e, il se tient au Carreau du Temple dans le Marais du 12 au 14 Avril 2025.\",\"breadcrumb\":{\"@id\":\"https:\/\/terredepepites.fr\/actualites\/2025\/03\/27\/le-paris-cafe-festival-2025\/#breadcrumb\"},\"inLanguage\":\"fr-FR\",\"potentialAction\":[{\"@type\":\"ReadAction\",\"target\":[\"https:\/\/terredepepites.fr\/actualites\/2025\/03\/27\/le-paris-cafe-festival-2025\/\"]}]},{\"@type\":\"ImageObject\",\"inLanguage\":\"fr-FR\",\"@id\":\"https:\/\/terredepepites.fr\/actualites\/2025\/03\/27\/le-paris-cafe-festival-2025\/#primaryimage\",\"url\":\"https:\/\/terredepepites.fr\/actualites\/wp-content\/uploads\/2025\/03\/terre-de-pepites-participe-au-paris-cafe-festival-2025-du-12-au-14-avril.jpg\",\"contentUrl\":\"https:\/\/terredepepites.fr\/actualites\/wp-content\/uploads\/2025\/03\/terre-de-pepites-participe-au-paris-cafe-festival-2025-du-12-au-14-avril.jpg\",\"width\":1038,\"height\":600},{\"@type\":\"BreadcrumbList\",\"@id\":\"https:\/\/terredepepites.fr\/actualites\/2025\/03\/27\/le-paris-cafe-festival-2025\/#breadcrumb\",\"itemListElement\":[{\"@type\":\"ListItem\",\"position\":1,\"name\":\"Accueil\",\"item\":\"https:\/\/terredepepites.fr\/actualites\/\"},{\"@type\":\"ListItem\",\"position\":2,\"name\":\"LE PARIS CAFE FESTIVAL 2025\"}]},{\"@type\":\"WebSite\",\"@id\":\"https:\/\/terredepepites.fr\/actualites\/#website\",\"url\":\"https:\/\/terredepepites.fr\/actualites\/\",\"name\":\"Blog terre de p\u00e9pites - Actualit\u00e9s sur l&#039;\u00e9rable, les produits et nouveaut\u00e9s de l&#039;\u00e9rable\",\"description\":\"\",\"publisher\":{\"@id\":\"https:\/\/terredepepites.fr\/actualites\/#organization\"},\"potentialAction\":[{\"@type\":\"SearchAction\",\"target\":{\"@type\":\"EntryPoint\",\"urlTemplate\":\"https:\/\/terredepepites.fr\/actualites\/?s={search_term_string}\"},\"query-input\":{\"@type\":\"PropertyValueSpecification\",\"valueRequired\":true,\"valueName\":\"search_term_string\"}}],\"inLanguage\":\"fr-FR\"},{\"@type\":\"Organization\",\"@id\":\"https:\/\/terredepepites.fr\/actualites\/#organization\",\"name\":\"Blog terre de p\u00e9pites - Actualit\u00e9s sur l&#039;\u00e9rable, les produits et nouveaut\u00e9s de l&#039;\u00e9rable\",\"url\":\"https:\/\/terredepepites.fr\/actualites\/\",\"logo\":{\"@type\":\"ImageObject\",\"inLanguage\":\"fr-FR\",\"@id\":\"https:\/\/terredepepites.fr\/actualites\/#\/schema\/logo\/image\/\",\"url\":\"https:\/\/terredepepites.fr\/actualites\/wp-content\/uploads\/2024\/06\/cropped-sirop-derable-sirop-derable-canada-sirop-derable-bio-quebec-logo-terre-de-pepites-1.png\",\"contentUrl\":\"https:\/\/terredepepites.fr\/actualites\/wp-content\/uploads\/2024\/06\/cropped-sirop-derable-sirop-derable-canada-sirop-derable-bio-quebec-logo-terre-de-pepites-1.png\",\"width\":248,\"height\":221,\"caption\":\"Blog terre de p\u00e9pites - Actualit\u00e9s sur l&#039;\u00e9rable, les produits et nouveaut\u00e9s de l&#039;\u00e9rable\"},\"image\":{\"@id\":\"https:\/\/terredepepites.fr\/actualites\/#\/schema\/logo\/image\/\"},\"sameAs\":[\"https:\/\/www.facebook.com\/TerreDePepites\/\"]},{\"@type\":\"Person\",\"@id\":\"https:\/\/terredepepites.fr\/actualites\/#\/schema\/person\/129f6097f8365e052256f3f00c0871ae\",\"name\":\"Margaux-terre-p-blog\",\"image\":{\"@type\":\"ImageObject\",\"inLanguage\":\"fr-FR\",\"@id\":\"https:\/\/terredepepites.fr\/actualites\/#\/schema\/person\/image\/\",\"url\":\"https:\/\/secure.gravatar.com\/avatar\/4dfe52f87b00ebde988c2f1d8e85c07eb4b72588c8219910509ae4a528c8703c?s=96&d=mm&r=g\",\"contentUrl\":\"https:\/\/secure.gravatar.com\/avatar\/4dfe52f87b00ebde988c2f1d8e85c07eb4b72588c8219910509ae4a528c8703c?s=96&d=mm&r=g\",\"caption\":\"Margaux-terre-p-blog\"},\"url\":\"https:\/\/terredepepites.fr\/actualites\/author\/margaux-terre-p-blog\/\"}]}<\/script>\n<!-- \/ Yoast SEO plugin. -->","yoast_head_json":{"title":"LE PARIS CAFE FESTIVAL 2025, du 12 au 14 avril 2025","description":"LE PARIS CAFE FESTIVAL 2025, cette ann\u00e9e, il se tient au Carreau du Temple dans le Marais du 12 au 14 Avril 2025.","robots":{"index":"index","follow":"follow","max-snippet":"max-snippet:-1","max-image-preview":"max-image-preview:large","max-video-preview":"max-video-preview:-1"},"canonical":"https:\/\/terredepepites.fr\/actualites\/2025\/03\/27\/le-paris-cafe-festival-2025\/","og_locale":"fr_FR","og_type":"article","og_title":"LE PARIS CAFE FESTIVAL 2025, du 12 au 14 avril 2025","og_description":"LE PARIS CAFE FESTIVAL 2025, cette ann\u00e9e, il se tient au Carreau du Temple dans le Marais du 12 au 14 Avril 2025.","og_url":"https:\/\/terredepepites.fr\/actualites\/2025\/03\/27\/le-paris-cafe-festival-2025\/","og_site_name":"Blog terre de p\u00e9pites - Actualit\u00e9s sur l&#039;\u00e9rable, les produits et nouveaut\u00e9s de l&#039;\u00e9rable","article_publisher":"https:\/\/www.facebook.com\/TerreDePepites\/","article_published_time":"2025-03-27T08:13:12+00:00","article_modified_time":"2025-03-27T08:25:22+00:00","og_image":[{"url":"https:\/\/terredepepites.fr\/actualites\/wp-content\/uploads\/2025\/03\/terre-de-pepites-participe-au-paris-cafe-festival-2025-du-12-au-14-avril.jpg","type":"","width":"","height":""}],"author":"Margaux-terre-p-blog","twitter_card":"summary_large_image","twitter_misc":{"\u00c9crit par":"Margaux-terre-p-blog","Dur\u00e9e de lecture estim\u00e9e":"4 minutes"},"schema":{"@context":"https:\/\/schema.org","@graph":[{"@type":"Article","@id":"https:\/\/terredepepites.fr\/actualites\/2025\/03\/27\/le-paris-cafe-festival-2025\/#article","isPartOf":{"@id":"https:\/\/terredepepites.fr\/actualites\/2025\/03\/27\/le-paris-cafe-festival-2025\/"},"author":{"name":"Margaux-terre-p-blog","@id":"https:\/\/terredepepites.fr\/actualites\/#\/schema\/person\/129f6097f8365e052256f3f00c0871ae"},"headline":"LE PARIS CAFE FESTIVAL 2025","datePublished":"2025-03-27T08:13:12+00:00","dateModified":"2025-03-27T08:25:22+00:00","mainEntityOfPage":{"@id":"https:\/\/terredepepites.fr\/actualites\/2025\/03\/27\/le-paris-cafe-festival-2025\/"},"wordCount":466,"commentCount":0,"publisher":{"@id":"https:\/\/terredepepites.fr\/actualites\/#organization"},"image":{"@id":"https:\/\/terredepepites.fr\/actualites\/2025\/03\/27\/le-paris-cafe-festival-2025\/#primaryimage"},"thumbnailUrl":"https:\/\/terredepepites.fr\/actualites\/wp-content\/uploads\/2025\/03\/terre-de-pepites-participe-au-paris-cafe-festival-2025-du-12-au-14-avril.jpg","keywords":["\u00c9v\u00e8nements"],"articleSection":["\u00c9v\u00e8nements"],"inLanguage":"fr-FR","potentialAction":[{"@type":"CommentAction","name":"Comment","target":["https:\/\/terredepepites.fr\/actualites\/2025\/03\/27\/le-paris-cafe-festival-2025\/#respond"]}]},{"@type":"WebPage","@id":"https:\/\/terredepepites.fr\/actualites\/2025\/03\/27\/le-paris-cafe-festival-2025\/","url":"https:\/\/terredepepites.fr\/actualites\/2025\/03\/27\/le-paris-cafe-festival-2025\/","name":"LE PARIS CAFE FESTIVAL 2025, du 12 au 14 avril 2025","isPartOf":{"@id":"https:\/\/terredepepites.fr\/actualites\/#website"},"primaryImageOfPage":{"@id":"https:\/\/terredepepites.fr\/actualites\/2025\/03\/27\/le-paris-cafe-festival-2025\/#primaryimage"},"image":{"@id":"https:\/\/terredepepites.fr\/actualites\/2025\/03\/27\/le-paris-cafe-festival-2025\/#primaryimage"},"thumbnailUrl":"https:\/\/terredepepites.fr\/actualites\/wp-content\/uploads\/2025\/03\/terre-de-pepites-participe-au-paris-cafe-festival-2025-du-12-au-14-avril.jpg","datePublished":"2025-03-27T08:13:12+00:00","dateModified":"2025-03-27T08:25:22+00:00","description":"LE PARIS CAFE FESTIVAL 2025, cette ann\u00e9e, il se tient au Carreau du Temple dans le Marais du 12 au 14 Avril 2025.","breadcrumb":{"@id":"https:\/\/terredepepites.fr\/actualites\/2025\/03\/27\/le-paris-cafe-festival-2025\/#breadcrumb"},"inLanguage":"fr-FR","potentialAction":[{"@type":"ReadAction","target":["https:\/\/terredepepites.fr\/actualites\/2025\/03\/27\/le-paris-cafe-festival-2025\/"]}]},{"@type":"ImageObject","inLanguage":"fr-FR","@id":"https:\/\/terredepepites.fr\/actualites\/2025\/03\/27\/le-paris-cafe-festival-2025\/#primaryimage","url":"https:\/\/terredepepites.fr\/actualites\/wp-content\/uploads\/2025\/03\/terre-de-pepites-participe-au-paris-cafe-festival-2025-du-12-au-14-avril.jpg","contentUrl":"https:\/\/terredepepites.fr\/actualites\/wp-content\/uploads\/2025\/03\/terre-de-pepites-participe-au-paris-cafe-festival-2025-du-12-au-14-avril.jpg","width":1038,"height":600},{"@type":"BreadcrumbList","@id":"https:\/\/terredepepites.fr\/actualites\/2025\/03\/27\/le-paris-cafe-festival-2025\/#breadcrumb","itemListElement":[{"@type":"ListItem","position":1,"name":"Accueil","item":"https:\/\/terredepepites.fr\/actualites\/"},{"@type":"ListItem","position":2,"name":"LE PARIS CAFE FESTIVAL 2025"}]},{"@type":"WebSite","@id":"https:\/\/terredepepites.fr\/actualites\/#website","url":"https:\/\/terredepepites.fr\/actualites\/","name":"Blog terre de p\u00e9pites - Actualit\u00e9s sur l&#039;\u00e9rable, les produits et nouveaut\u00e9s de l&#039;\u00e9rable","description":"","publisher":{"@id":"https:\/\/terredepepites.fr\/actualites\/#organization"},"potentialAction":[{"@type":"SearchAction","target":{"@type":"EntryPoint","urlTemplate":"https:\/\/terredepepites.fr\/actualites\/?s={search_term_string}"},"query-input":{"@type":"PropertyValueSpecification","valueRequired":true,"valueName":"search_term_string"}}],"inLanguage":"fr-FR"},{"@type":"Organization","@id":"https:\/\/terredepepites.fr\/actualites\/#organization","name":"Blog terre de p\u00e9pites - Actualit\u00e9s sur l&#039;\u00e9rable, les produits et nouveaut\u00e9s de l&#039;\u00e9rable","url":"https:\/\/terredepepites.fr\/actualites\/","logo":{"@type":"ImageObject","inLanguage":"fr-FR","@id":"https:\/\/terredepepites.fr\/actualites\/#\/schema\/logo\/image\/","url":"https:\/\/terredepepites.fr\/actualites\/wp-content\/uploads\/2024\/06\/cropped-sirop-derable-sirop-derable-canada-sirop-derable-bio-quebec-logo-terre-de-pepites-1.png","contentUrl":"https:\/\/terredepepites.fr\/actualites\/wp-content\/uploads\/2024\/06\/cropped-sirop-derable-sirop-derable-canada-sirop-derable-bio-quebec-logo-terre-de-pepites-1.png","width":248,"height":221,"caption":"Blog terre de p\u00e9pites - Actualit\u00e9s sur l&#039;\u00e9rable, les produits et nouveaut\u00e9s de l&#039;\u00e9rable"},"image":{"@id":"https:\/\/terredepepites.fr\/actualites\/#\/schema\/logo\/image\/"},"sameAs":["https:\/\/www.facebook.com\/TerreDePepites\/"]},{"@type":"Person","@id":"https:\/\/terredepepites.fr\/actualites\/#\/schema\/person\/129f6097f8365e052256f3f00c0871ae","name":"Margaux-terre-p-blog","image":{"@type":"ImageObject","inLanguage":"fr-FR","@id":"https:\/\/terredepepites.fr\/actualites\/#\/schema\/person\/image\/","url":"https:\/\/secure.gravatar.com\/avatar\/4dfe52f87b00ebde988c2f1d8e85c07eb4b72588c8219910509ae4a528c8703c?s=96&d=mm&r=g","contentUrl":"https:\/\/secure.gravatar.com\/avatar\/4dfe52f87b00ebde988c2f1d8e85c07eb4b72588c8219910509ae4a528c8703c?s=96&d=mm&r=g","caption":"Margaux-terre-p-blog"},"url":"https:\/\/terredepepites.fr\/actualites\/author\/margaux-terre-p-blog\/"}]}},"_links":{"self":[{"href":"https:\/\/terredepepites.fr\/actualites\/wp-json\/wp\/v2\/posts\/903","targetHints":{"allow":["GET"]}}],"collection":[{"href":"https:\/\/terredepepites.fr\/actualites\/wp-json\/wp\/v2\/posts"}],"about":[{"href":"https:\/\/terredepepites.fr\/actualites\/wp-json\/wp\/v2\/types\/post"}],"author":[{"embeddable":true,"href":"https:\/\/terredepepites.fr\/actualites\/wp-json\/wp\/v2\/users\/2"}],"replies":[{"embeddable":true,"href":"https:\/\/terredepepites.fr\/actualites\/wp-json\/wp\/v2\/comments?post=903"}],"version-history":[{"count":6,"href":"https:\/\/terredepepites.fr\/actualites\/wp-json\/wp\/v2\/posts\/903\/revisions"}],"predecessor-version":[{"id":912,"href":"https:\/\/terredepepites.fr\/actualites\/wp-json\/wp\/v2\/posts\/903\/revisions\/912"}],"wp:attachment":[{"href":"https:\/\/terredepepites.fr\/actualites\/wp-json\/wp\/v2\/media?parent=903"}],"wp:term":[{"taxonomy":"category","embeddable":true,"href":"https:\/\/terredepepites.fr\/actualites\/wp-json\/wp\/v2\/categories?post=903"},{"taxonomy":"post_tag","embeddable":true,"href":"https:\/\/terredepepites.fr\/actualites\/wp-json\/wp\/v2\/tags?post=903"}],"curies":[{"name":"wp","href":"https:\/\/api.w.org\/{rel}","templated":true}]}}